{"id":16151,"date":"2024-04-01T13:19:48","date_gmt":"2024-04-01T16:19:48","guid":{"rendered":"https:\/\/maisgoiano.com.br\/go\/?p=16151"},"modified":"2024-04-01T13:19:49","modified_gmt":"2024-04-01T16:19:49","slug":"lutando-contra-doenca-veja-como-esta-mauricio-kubrusly-do-fantastico","status":"publish","type":"post","link":"https:\/\/maisgoiano.com.br\/go\/lutando-contra-doenca-veja-como-esta-mauricio-kubrusly-do-fantastico\/","title":{"rendered":"Lutando contra doen\u00e7a, veja como est\u00e1 Maur\u00edcio Kubrusly, do Fant\u00e1stico"},"content":{"rendered":"\n<p>Maur\u00edcio Kubrusly, que brilhou nas telas da Globo por conta do Fant\u00e1stico, est\u00e1 com 77 anos de idade e luta contra grave doen\u00e7a. A demiss\u00e3o do apresentador ocorreu em 2019 e gerou grande pol\u00eamica na \u00e9poca.<\/p>\n\n\n\n<p>Ao longo dos anos, diversos famosos que brilharam nas telas da emissora carioca, ao sa\u00edrem dos holofotes, dificilmente aparecem publicamente. Os jornalistas, mesmo que em atividade, tamb\u00e9m evitam compartilhar momentos da vida pessoal, para evitar pol\u00eamicas.<\/p>\n","protected":false},"excerpt":{"rendered":"<p>Maur\u00edcio Kubrusly, que brilhou nas telas da Globo por conta do Fant\u00e1stico, est\u00e1 com 77 anos de idade e luta contra grave doen\u00e7a. A demiss\u00e3o do apresentador ocorreu em 2019 e gerou grande pol\u00eamica na \u00e9poca. Ao longo dos anos, diversos famosos que brilharam nas telas da emissora carioca, ao sa\u00edrem dos holofotes, dificilmente aparecem [&hellip;]<\/p>\n","protected":false},"author":1,"featured_media":16152,"comment_status":"open","ping_status":"open","sticky":false,"template":"","format":"standard","meta":{"footnotes":""},"categories":[19],"tags":[],"class_list":["post-16151","post","type-post","status-publish","format-standard","has-post-thumbnail","hentry","category-entrete"],"yoast_head":"<!-- This site is optimized with the Yoast SEO Premium plugin v25.9 (Yoast SEO v27.1.1) - https:\/\/yoast.com\/product\/yoast-seo-premium-wordpress\/ -->\n<title>Lutando contra doen\u00e7a, veja como est\u00e1 Maur\u00edcio Kubrusly, do Fant\u00e1stico - Mais Goiano - Not\u00edcias de Verdade! Goi\u00e1s, Brasil e Mundo<\/title>\n<meta name=\"description\" content=\"Maur\u00edcio Kubrusly, que brilhou nas telas da Globo por conta do Fant\u00e1stico, est\u00e1 com 77 anos de idade e luta contra grave doen\u00e7a. A demiss\u00e3o do\" \/>\n<meta name=\"robots\" content=\"index, follow, max-snippet:-1, max-image-preview:large, max-video-preview:-1\" \/>\n<link rel=\"canonical\" href=\"https:\/\/maisgoiano.com.br\/go\/lutando-contra-doenca-veja-como-esta-mauricio-kubrusly-do-fantastico\/\" \/>\n<meta property=\"og:locale\" content=\"pt_BR\" \/>\n<meta property=\"og:type\" content=\"article\" \/>\n<meta property=\"og:title\" content=\"Lutando contra doen\u00e7a, veja como est\u00e1 Maur\u00edcio Kubrusly, do Fant\u00e1stico - Mais Goiano - Not\u00edcias de Verdade! Goi\u00e1s, Brasil e Mundo\" \/>\n<meta property=\"og:description\" content=\"Maur\u00edcio Kubrusly, que brilhou nas telas da Globo por conta do Fant\u00e1stico, est\u00e1 com 77 anos de idade e luta contra grave doen\u00e7a. A demiss\u00e3o do\" \/>\n<meta property=\"og:url\" content=\"https:\/\/maisgoiano.com.br\/go\/lutando-contra-doenca-veja-como-esta-mauricio-kubrusly-do-fantastico\/\" \/>\n<meta property=\"og:site_name\" content=\"Mais Goiano - Not\u00edcias de Verdade! Goi\u00e1s, Brasil e Mundo\" \/>\n<meta property=\"article:publisher\" content=\"https:\/\/www.facebook.com\/maisgoiano\" \/>\n<meta property=\"article:published_time\" content=\"2024-04-01T16:19:48+00:00\" \/>\n<meta property=\"article:modified_time\" content=\"2024-04-01T16:19:49+00:00\" \/>\n<meta property=\"og:image\" content=\"https:\/\/maisgoiano.com.br\/go\/wp-content\/uploads\/2024\/04\/mauricio-kubrusly-600x400-1.jpg\" \/>\n\t<meta property=\"og:image:width\" content=\"600\" \/>\n\t<meta property=\"og:image:height\" content=\"400\" \/>\n\t<meta property=\"og:image:type\" content=\"image\/jpeg\" \/>\n<meta name=\"author\" content=\"Charles\" \/>\n<meta name=\"twitter:label1\" content=\"Escrito por\" \/>\n\t<meta name=\"twitter:data1\" content=\"Charles\" \/>\n<script type=\"application\/ld+json\" class=\"yoast-schema-graph\">{\"@context\":\"https:\/\/schema.org\",\"@graph\":[{\"@type\":\"Article\",\"@id\":\"https:\/\/maisgoiano.com.br\/go\/lutando-contra-doenca-veja-como-esta-mauricio-kubrusly-do-fantastico\/#article\",\"isPartOf\":{\"@id\":\"https:\/\/maisgoiano.com.br\/go\/lutando-contra-doenca-veja-como-esta-mauricio-kubrusly-do-fantastico\/\"},\"author\":{\"name\":\"Charles\",\"@id\":\"https:\/\/maisgoiano.com.br\/go\/#\/schema\/person\/7a73ee79d7b61b7b24745a90c1f750d1\"},\"headline\":\"Lutando contra doen\u00e7a, veja como est\u00e1 Maur\u00edcio Kubrusly, do Fant\u00e1stico\",\"datePublished\":\"2024-04-01T16:19:48+00:00\",\"dateModified\":\"2024-04-01T16:19:49+00:00\",\"mainEntityOfPage\":{\"@id\":\"https:\/\/maisgoiano.com.br\/go\/lutando-contra-doenca-veja-como-esta-mauricio-kubrusly-do-fantastico\/\"},\"wordCount\":91,\"commentCount\":0,\"publisher\":{\"@id\":\"https:\/\/maisgoiano.com.br\/go\/#organization\"},\"image\":{\"@id\":\"https:\/\/maisgoiano.com.br\/go\/lutando-contra-doenca-veja-como-esta-mauricio-kubrusly-do-fantastico\/#primaryimage\"},\"thumbnailUrl\":\"https:\/\/maisgoiano.com.br\/go\/wp-content\/uploads\/2024\/04\/mauricio-kubrusly-600x400-1.jpg\",\"articleSection\":[\"Entretenimento\"],\"inLanguage\":\"pt-BR\",\"potentialAction\":[{\"@type\":\"CommentAction\",\"name\":\"Comment\",\"target\":[\"https:\/\/maisgoiano.com.br\/go\/lutando-contra-doenca-veja-como-esta-mauricio-kubrusly-do-fantastico\/#respond\"]}]},{\"@type\":\"WebPage\",\"@id\":\"https:\/\/maisgoiano.com.br\/go\/lutando-contra-doenca-veja-como-esta-mauricio-kubrusly-do-fantastico\/\",\"url\":\"https:\/\/maisgoiano.com.br\/go\/lutando-contra-doenca-veja-como-esta-mauricio-kubrusly-do-fantastico\/\",\"name\":\"Lutando contra doen\u00e7a, veja como est\u00e1 Maur\u00edcio Kubrusly, do Fant\u00e1stico - Mais Goiano - Not\u00edcias de Verdade! Goi\u00e1s, Brasil e Mundo\",\"isPartOf\":{\"@id\":\"https:\/\/maisgoiano.com.br\/go\/#website\"},\"primaryImageOfPage\":{\"@id\":\"https:\/\/maisgoiano.com.br\/go\/lutando-contra-doenca-veja-como-esta-mauricio-kubrusly-do-fantastico\/#primaryimage\"},\"image\":{\"@id\":\"https:\/\/maisgoiano.com.br\/go\/lutando-contra-doenca-veja-como-esta-mauricio-kubrusly-do-fantastico\/#primaryimage\"},\"thumbnailUrl\":\"https:\/\/maisgoiano.com.br\/go\/wp-content\/uploads\/2024\/04\/mauricio-kubrusly-600x400-1.jpg\",\"datePublished\":\"2024-04-01T16:19:48+00:00\",\"dateModified\":\"2024-04-01T16:19:49+00:00\",\"description\":\"Maur\u00edcio Kubrusly, que brilhou nas telas da Globo por conta do Fant\u00e1stico, est\u00e1 com 77 anos de idade e luta contra grave doen\u00e7a. A demiss\u00e3o do\",\"breadcrumb\":{\"@id\":\"https:\/\/maisgoiano.com.br\/go\/lutando-contra-doenca-veja-como-esta-mauricio-kubrusly-do-fantastico\/#breadcrumb\"},\"inLanguage\":\"pt-BR\",\"potentialAction\":[{\"@type\":\"ReadAction\",\"target\":[\"https:\/\/maisgoiano.com.br\/go\/lutando-contra-doenca-veja-como-esta-mauricio-kubrusly-do-fantastico\/\"]}]},{\"@type\":\"ImageObject\",\"inLanguage\":\"pt-BR\",\"@id\":\"https:\/\/maisgoiano.com.br\/go\/lutando-contra-doenca-veja-como-esta-mauricio-kubrusly-do-fantastico\/#primaryimage\",\"url\":\"https:\/\/maisgoiano.com.br\/go\/wp-content\/uploads\/2024\/04\/mauricio-kubrusly-600x400-1.jpg\",\"contentUrl\":\"https:\/\/maisgoiano.com.br\/go\/wp-content\/uploads\/2024\/04\/mauricio-kubrusly-600x400-1.jpg\",\"width\":600,\"height\":400},{\"@type\":\"BreadcrumbList\",\"@id\":\"https:\/\/maisgoiano.com.br\/go\/lutando-contra-doenca-veja-como-esta-mauricio-kubrusly-do-fantastico\/#breadcrumb\",\"itemListElement\":[{\"@type\":\"ListItem\",\"position\":1,\"name\":\"In\u00edcio\",\"item\":\"https:\/\/maisgoiano.com.br\/go\/\"},{\"@type\":\"ListItem\",\"position\":2,\"name\":\"Entretenimento\",\"item\":\"https:\/\/maisgoiano.com.br\/go\/categoria\/entrete\/\"},{\"@type\":\"ListItem\",\"position\":3,\"name\":\"Lutando contra doen\u00e7a, veja como est\u00e1 Maur\u00edcio Kubrusly, do Fant\u00e1stico\"}]},{\"@type\":\"WebSite\",\"@id\":\"https:\/\/maisgoiano.com.br\/go\/#website\",\"url\":\"https:\/\/maisgoiano.com.br\/go\/\",\"name\":\"Mais Goiano | Not\u00edcias de Verdade! Goi\u00e1s, Brasil e Mundo\",\"description\":\"Not\u00edcias de Verdade! Goi\u00e1s, Brasil e Mundo\",\"publisher\":{\"@id\":\"https:\/\/maisgoiano.com.br\/go\/#organization\"},\"alternateName\":\"Mais Goiano | Not\u00edcias de Verdade! Goi\u00e1s, Brasil e Mundo\",\"potentialAction\":[{\"@type\":\"SearchAction\",\"target\":{\"@type\":\"EntryPoint\",\"urlTemplate\":\"https:\/\/maisgoiano.com.br\/go\/?s={search_term_string}\"},\"query-input\":{\"@type\":\"PropertyValueSpecification\",\"valueRequired\":true,\"valueName\":\"search_term_string\"}}],\"inLanguage\":\"pt-BR\"},{\"@type\":\"Organization\",\"@id\":\"https:\/\/maisgoiano.com.br\/go\/#organization\",\"name\":\"Mais Goiano | Not\u00edcias de Verdade! Goi\u00e1s, Brasil e Mundo\",\"alternateName\":\"Mais Goiano | Not\u00edcias de Verdade! Goi\u00e1s, Brasil e Mundo\",\"url\":\"https:\/\/maisgoiano.com.br\/go\/\",\"logo\":{\"@type\":\"ImageObject\",\"inLanguage\":\"pt-BR\",\"@id\":\"https:\/\/maisgoiano.com.br\/go\/#\/schema\/logo\/image\/\",\"url\":\"https:\/\/maisgoiano.com.br\/go\/wp-content\/uploads\/2025\/05\/Mais-Goiano.jpg\",\"contentUrl\":\"https:\/\/maisgoiano.com.br\/go\/wp-content\/uploads\/2025\/05\/Mais-Goiano.jpg\",\"width\":1024,\"height\":454,\"caption\":\"Mais Goiano | Not\u00edcias de Verdade! Goi\u00e1s, Brasil e Mundo\"},\"image\":{\"@id\":\"https:\/\/maisgoiano.com.br\/go\/#\/schema\/logo\/image\/\"},\"sameAs\":[\"https:\/\/www.facebook.com\/maisgoiano\",\"https:\/\/www.instagram.com\/maisgoiano\/\"],\"description\":\"O Mais Goiano \u00e9 um portal de not\u00edcias digital independente. Sua estreia ocorreu em janeiro de 2024, com o objetivo de oferecer um ambiente confi\u00e1vel em meio \u00e0 dissemina\u00e7\u00e3o de informa\u00e7\u00f5es falsas.\",\"foundingDate\":\"2024-01-02\",\"numberOfEmployees\":{\"@type\":\"QuantitativeValue\",\"minValue\":\"1\",\"maxValue\":\"10\"},\"publishingPrinciples\":\"https:\/\/maisgoiano.com.br\/go\/politica-de-privacidade-2\/\"},{\"@type\":\"Person\",\"@id\":\"https:\/\/maisgoiano.com.br\/go\/#\/schema\/person\/7a73ee79d7b61b7b24745a90c1f750d1\",\"name\":\"Charles\",\"image\":{\"@type\":\"ImageObject\",\"inLanguage\":\"pt-BR\",\"@id\":\"https:\/\/maisgoiano.com.br\/go\/#\/schema\/person\/image\/\",\"url\":\"https:\/\/secure.gravatar.com\/avatar\/aabcd499fed6f6daf240f248004b52cd7ba2ce6cab3168c6162bc17da433960d?s=96&d=mm&r=g\",\"contentUrl\":\"https:\/\/secure.gravatar.com\/avatar\/aabcd499fed6f6daf240f248004b52cd7ba2ce6cab3168c6162bc17da433960d?s=96&d=mm&r=g\",\"caption\":\"Charles\"},\"sameAs\":[\"https:\/\/maisgoiano.com.br\/go\"],\"url\":\"https:\/\/maisgoiano.com.br\/go\/author\/charles\/\"}]}<\/script>\n<!-- \/ Yoast SEO Premium plugin. -->","yoast_head_json":{"title":"Lutando contra doen\u00e7a, veja como est\u00e1 Maur\u00edcio Kubrusly, do Fant\u00e1stico - Mais Goiano - Not\u00edcias de Verdade! Goi\u00e1s, Brasil e Mundo","description":"Maur\u00edcio Kubrusly, que brilhou nas telas da Globo por conta do Fant\u00e1stico, est\u00e1 com 77 anos de idade e luta contra grave doen\u00e7a. A demiss\u00e3o do","robots":{"index":"index","follow":"follow","max-snippet":"max-snippet:-1","max-image-preview":"max-image-preview:large","max-video-preview":"max-video-preview:-1"},"canonical":"https:\/\/maisgoiano.com.br\/go\/lutando-contra-doenca-veja-como-esta-mauricio-kubrusly-do-fantastico\/","og_locale":"pt_BR","og_type":"article","og_title":"Lutando contra doen\u00e7a, veja como est\u00e1 Maur\u00edcio Kubrusly, do Fant\u00e1stico - Mais Goiano - Not\u00edcias de Verdade! Goi\u00e1s, Brasil e Mundo","og_description":"Maur\u00edcio Kubrusly, que brilhou nas telas da Globo por conta do Fant\u00e1stico, est\u00e1 com 77 anos de idade e luta contra grave doen\u00e7a. A demiss\u00e3o do","og_url":"https:\/\/maisgoiano.com.br\/go\/lutando-contra-doenca-veja-como-esta-mauricio-kubrusly-do-fantastico\/","og_site_name":"Mais Goiano - Not\u00edcias de Verdade! Goi\u00e1s, Brasil e Mundo","article_publisher":"https:\/\/www.facebook.com\/maisgoiano","article_published_time":"2024-04-01T16:19:48+00:00","article_modified_time":"2024-04-01T16:19:49+00:00","og_image":[{"width":600,"height":400,"url":"https:\/\/maisgoiano.com.br\/go\/wp-content\/uploads\/2024\/04\/mauricio-kubrusly-600x400-1.jpg","type":"image\/jpeg"}],"author":"Charles","twitter_misc":{"Escrito por":"Charles"},"schema":{"@context":"https:\/\/schema.org","@graph":[{"@type":"Article","@id":"https:\/\/maisgoiano.com.br\/go\/lutando-contra-doenca-veja-como-esta-mauricio-kubrusly-do-fantastico\/#article","isPartOf":{"@id":"https:\/\/maisgoiano.com.br\/go\/lutando-contra-doenca-veja-como-esta-mauricio-kubrusly-do-fantastico\/"},"author":{"name":"Charles","@id":"https:\/\/maisgoiano.com.br\/go\/#\/schema\/person\/7a73ee79d7b61b7b24745a90c1f750d1"},"headline":"Lutando contra doen\u00e7a, veja como est\u00e1 Maur\u00edcio Kubrusly, do Fant\u00e1stico","datePublished":"2024-04-01T16:19:48+00:00","dateModified":"2024-04-01T16:19:49+00:00","mainEntityOfPage":{"@id":"https:\/\/maisgoiano.com.br\/go\/lutando-contra-doenca-veja-como-esta-mauricio-kubrusly-do-fantastico\/"},"wordCount":91,"commentCount":0,"publisher":{"@id":"https:\/\/maisgoiano.com.br\/go\/#organization"},"image":{"@id":"https:\/\/maisgoiano.com.br\/go\/lutando-contra-doenca-veja-como-esta-mauricio-kubrusly-do-fantastico\/#primaryimage"},"thumbnailUrl":"https:\/\/maisgoiano.com.br\/go\/wp-content\/uploads\/2024\/04\/mauricio-kubrusly-600x400-1.jpg","articleSection":["Entretenimento"],"inLanguage":"pt-BR","potentialAction":[{"@type":"CommentAction","name":"Comment","target":["https:\/\/maisgoiano.com.br\/go\/lutando-contra-doenca-veja-como-esta-mauricio-kubrusly-do-fantastico\/#respond"]}]},{"@type":"WebPage","@id":"https:\/\/maisgoiano.com.br\/go\/lutando-contra-doenca-veja-como-esta-mauricio-kubrusly-do-fantastico\/","url":"https:\/\/maisgoiano.com.br\/go\/lutando-contra-doenca-veja-como-esta-mauricio-kubrusly-do-fantastico\/","name":"Lutando contra doen\u00e7a, veja como est\u00e1 Maur\u00edcio Kubrusly, do Fant\u00e1stico - Mais Goiano - Not\u00edcias de Verdade! Goi\u00e1s, Brasil e Mundo","isPartOf":{"@id":"https:\/\/maisgoiano.com.br\/go\/#website"},"primaryImageOfPage":{"@id":"https:\/\/maisgoiano.com.br\/go\/lutando-contra-doenca-veja-como-esta-mauricio-kubrusly-do-fantastico\/#primaryimage"},"image":{"@id":"https:\/\/maisgoiano.com.br\/go\/lutando-contra-doenca-veja-como-esta-mauricio-kubrusly-do-fantastico\/#primaryimage"},"thumbnailUrl":"https:\/\/maisgoiano.com.br\/go\/wp-content\/uploads\/2024\/04\/mauricio-kubrusly-600x400-1.jpg","datePublished":"2024-04-01T16:19:48+00:00","dateModified":"2024-04-01T16:19:49+00:00","description":"Maur\u00edcio Kubrusly, que brilhou nas telas da Globo por conta do Fant\u00e1stico, est\u00e1 com 77 anos de idade e luta contra grave doen\u00e7a. A demiss\u00e3o do","breadcrumb":{"@id":"https:\/\/maisgoiano.com.br\/go\/lutando-contra-doenca-veja-como-esta-mauricio-kubrusly-do-fantastico\/#breadcrumb"},"inLanguage":"pt-BR","potentialAction":[{"@type":"ReadAction","target":["https:\/\/maisgoiano.com.br\/go\/lutando-contra-doenca-veja-como-esta-mauricio-kubrusly-do-fantastico\/"]}]},{"@type":"ImageObject","inLanguage":"pt-BR","@id":"https:\/\/maisgoiano.com.br\/go\/lutando-contra-doenca-veja-como-esta-mauricio-kubrusly-do-fantastico\/#primaryimage","url":"https:\/\/maisgoiano.com.br\/go\/wp-content\/uploads\/2024\/04\/mauricio-kubrusly-600x400-1.jpg","contentUrl":"https:\/\/maisgoiano.com.br\/go\/wp-content\/uploads\/2024\/04\/mauricio-kubrusly-600x400-1.jpg","width":600,"height":400},{"@type":"BreadcrumbList","@id":"https:\/\/maisgoiano.com.br\/go\/lutando-contra-doenca-veja-como-esta-mauricio-kubrusly-do-fantastico\/#breadcrumb","itemListElement":[{"@type":"ListItem","position":1,"name":"In\u00edcio","item":"https:\/\/maisgoiano.com.br\/go\/"},{"@type":"ListItem","position":2,"name":"Entretenimento","item":"https:\/\/maisgoiano.com.br\/go\/categoria\/entrete\/"},{"@type":"ListItem","position":3,"name":"Lutando contra doen\u00e7a, veja como est\u00e1 Maur\u00edcio Kubrusly, do Fant\u00e1stico"}]},{"@type":"WebSite","@id":"https:\/\/maisgoiano.com.br\/go\/#website","url":"https:\/\/maisgoiano.com.br\/go\/","name":"Mais Goiano | Not\u00edcias de Verdade! Goi\u00e1s, Brasil e Mundo","description":"Not\u00edcias de Verdade! Goi\u00e1s, Brasil e Mundo","publisher":{"@id":"https:\/\/maisgoiano.com.br\/go\/#organization"},"alternateName":"Mais Goiano | Not\u00edcias de Verdade! Goi\u00e1s, Brasil e Mundo","potentialAction":[{"@type":"SearchAction","target":{"@type":"EntryPoint","urlTemplate":"https:\/\/maisgoiano.com.br\/go\/?s={search_term_string}"},"query-input":{"@type":"PropertyValueSpecification","valueRequired":true,"valueName":"search_term_string"}}],"inLanguage":"pt-BR"},{"@type":"Organization","@id":"https:\/\/maisgoiano.com.br\/go\/#organization","name":"Mais Goiano | Not\u00edcias de Verdade! Goi\u00e1s, Brasil e Mundo","alternateName":"Mais Goiano | Not\u00edcias de Verdade! Goi\u00e1s, Brasil e Mundo","url":"https:\/\/maisgoiano.com.br\/go\/","logo":{"@type":"ImageObject","inLanguage":"pt-BR","@id":"https:\/\/maisgoiano.com.br\/go\/#\/schema\/logo\/image\/","url":"https:\/\/maisgoiano.com.br\/go\/wp-content\/uploads\/2025\/05\/Mais-Goiano.jpg","contentUrl":"https:\/\/maisgoiano.com.br\/go\/wp-content\/uploads\/2025\/05\/Mais-Goiano.jpg","width":1024,"height":454,"caption":"Mais Goiano | Not\u00edcias de Verdade! Goi\u00e1s, Brasil e Mundo"},"image":{"@id":"https:\/\/maisgoiano.com.br\/go\/#\/schema\/logo\/image\/"},"sameAs":["https:\/\/www.facebook.com\/maisgoiano","https:\/\/www.instagram.com\/maisgoiano\/"],"description":"O Mais Goiano \u00e9 um portal de not\u00edcias digital independente. Sua estreia ocorreu em janeiro de 2024, com o objetivo de oferecer um ambiente confi\u00e1vel em meio \u00e0 dissemina\u00e7\u00e3o de informa\u00e7\u00f5es falsas.","foundingDate":"2024-01-02","numberOfEmployees":{"@type":"QuantitativeValue","minValue":"1","maxValue":"10"},"publishingPrinciples":"https:\/\/maisgoiano.com.br\/go\/politica-de-privacidade-2\/"},{"@type":"Person","@id":"https:\/\/maisgoiano.com.br\/go\/#\/schema\/person\/7a73ee79d7b61b7b24745a90c1f750d1","name":"Charles","image":{"@type":"ImageObject","inLanguage":"pt-BR","@id":"https:\/\/maisgoiano.com.br\/go\/#\/schema\/person\/image\/","url":"https:\/\/secure.gravatar.com\/avatar\/aabcd499fed6f6daf240f248004b52cd7ba2ce6cab3168c6162bc17da433960d?s=96&d=mm&r=g","contentUrl":"https:\/\/secure.gravatar.com\/avatar\/aabcd499fed6f6daf240f248004b52cd7ba2ce6cab3168c6162bc17da433960d?s=96&d=mm&r=g","caption":"Charles"},"sameAs":["https:\/\/maisgoiano.com.br\/go"],"url":"https:\/\/maisgoiano.com.br\/go\/author\/charles\/"}]}},"_links":{"self":[{"href":"https:\/\/maisgoiano.com.br\/go\/wp-json\/wp\/v2\/posts\/16151","targetHints":{"allow":["GET"]}}],"collection":[{"href":"https:\/\/maisgoiano.com.br\/go\/wp-json\/wp\/v2\/posts"}],"about":[{"href":"https:\/\/maisgoiano.com.br\/go\/wp-json\/wp\/v2\/types\/post"}],"author":[{"embeddable":true,"href":"https:\/\/maisgoiano.com.br\/go\/wp-json\/wp\/v2\/users\/1"}],"replies":[{"embeddable":true,"href":"https:\/\/maisgoiano.com.br\/go\/wp-json\/wp\/v2\/comments?post=16151"}],"version-history":[{"count":0,"href":"https:\/\/maisgoiano.com.br\/go\/wp-json\/wp\/v2\/posts\/16151\/revisions"}],"wp:featuredmedia":[{"embeddable":true,"href":"https:\/\/maisgoiano.com.br\/go\/wp-json\/wp\/v2\/media\/16152"}],"wp:attachment":[{"href":"https:\/\/maisgoiano.com.br\/go\/wp-json\/wp\/v2\/media?parent=16151"}],"wp:term":[{"taxonomy":"category","embeddable":true,"href":"https:\/\/maisgoiano.com.br\/go\/wp-json\/wp\/v2\/categories?post=16151"},{"taxonomy":"post_tag","embeddable":true,"href":"https:\/\/maisgoiano.com.br\/go\/wp-json\/wp\/v2\/tags?post=16151"}],"curies":[{"name":"wp","href":"https:\/\/api.w.org\/{rel}","templated":true}]}}