{"id":18127,"date":"2024-05-09T13:40:35","date_gmt":"2024-05-09T16:40:35","guid":{"rendered":"https:\/\/maisgoiano.com.br\/go\/tragedia-na-go-336-acidente-fatal-entre-van-da-saude-e-caminhao-de-cana-de-acucar\/"},"modified":"2024-05-09T13:41:30","modified_gmt":"2024-05-09T16:41:30","slug":"tragedia-na-go-336-acidente-fatal-entre-van-da-saude-e-caminhao-de-cana-de-acucar","status":"publish","type":"post","link":"https:\/\/maisgoiano.com.br\/go\/tragedia-na-go-336-acidente-fatal-entre-van-da-saude-e-caminhao-de-cana-de-acucar\/","title":{"rendered":"Trag\u00e9dia na GO-336: Acidente Fatal Entre Van e Caminh\u00e3o de Cana-de-A\u00e7\u00facar"},"content":{"rendered":"<p>Um tr\u00e1gico acidente resultou na morte de quatro pessoas e deixou v\u00e1rias outras feridas enquanto seguiam para tratamento de hemodi\u00e1lise. A colis\u00e3o ocorreu na madrugada desta quinta-feira (09\/05) envolvendo uma van da Secretaria Municipal de Sa\u00fade de Itapaci e um caminh\u00e3o de transporte de cana-de-a\u00e7\u00facar.<\/p>\n<p>O incidente aconteceu no quil\u00f4metro nove da GO-336, em Nova Gl\u00f3ria, pr\u00f3ximo ao ponto conhecido como C\u00f3rrego da Anta. Testemunhas relataram que a van seguia em dire\u00e7\u00e3o \u00e0 BR-153 quando colidiu com o caminh\u00e3o que estava atravessado na pista, saindo de um canavial.<\/p>\n<p>Alguns dos feridos ficaram presos entre as ferragens. Equipes do Servi\u00e7o de Atendimento M\u00f3vel de Urg\u00eancia (SAMU) de Itapaci, Ceres e Rubiataba, juntamente com ambul\u00e2ncias do munic\u00edpio de Itapaci e da Usina Vale Verde, al\u00e9m do Corpo de Bombeiros Militar de Ceres, est\u00e3o prestando socorro aos feridos. Alguns foram encaminhados ao Hospital Municipal de Itapaci, \u00e0 Unidade de Pronto Atendimento de Ceres e ao\u00a0Hospital do Centro-Norte Goiano (HCN) de Urua\u00e7u.<\/p>\n","protected":false},"excerpt":{"rendered":"<p>Um tr\u00e1gico acidente resultou na morte de quatro pessoas e deixou v\u00e1rias outras feridas enquanto seguiam para tratamento de hemodi\u00e1lise. A colis\u00e3o ocorreu na madrugada desta quinta-feira (09\/05) envolvendo uma van da Secretaria Municipal de Sa\u00fade de Itapaci e um caminh\u00e3o de transporte de cana-de-a\u00e7\u00facar. O incidente aconteceu no quil\u00f4metro nove da GO-336, em Nova [&hellip;]<\/p>\n","protected":false},"author":19,"featured_media":18126,"comment_status":"open","ping_status":"open","sticky":false,"template":"","format":"standard","meta":{"footnotes":""},"categories":[18],"tags":[],"class_list":["post-18127","post","type-post","status-publish","format-standard","has-post-thumbnail","hentry","category-goias"],"yoast_head":"<!-- This site is optimized with the Yoast SEO Premium plugin v25.9 (Yoast SEO v27.1.1) - https:\/\/yoast.com\/product\/yoast-seo-premium-wordpress\/ -->\n<title>Trag\u00e9dia na GO-336: Acidente Fatal Entre Van e Caminh\u00e3o de Cana-de-A\u00e7\u00facar - Mais Goiano - Not\u00edcias de Verdade! Goi\u00e1s, Brasil e Mundo<\/title>\n<meta name=\"description\" content=\"Um tr\u00e1gico acidente resultou na morte de quatro pessoas e deixou v\u00e1rias outras feridas enquanto seguiam para tratamento de hemodi\u00e1lise. A colis\u00e3o ocorreu\" \/>\n<meta name=\"robots\" content=\"index, follow, max-snippet:-1, max-image-preview:large, max-video-preview:-1\" \/>\n<link rel=\"canonical\" href=\"https:\/\/maisgoiano.com.br\/go\/tragedia-na-go-336-acidente-fatal-entre-van-da-saude-e-caminhao-de-cana-de-acucar\/\" \/>\n<meta property=\"og:locale\" content=\"pt_BR\" \/>\n<meta property=\"og:type\" content=\"article\" \/>\n<meta property=\"og:title\" content=\"Trag\u00e9dia na GO-336: Acidente Fatal Entre Van e Caminh\u00e3o de Cana-de-A\u00e7\u00facar - Mais Goiano - Not\u00edcias de Verdade! Goi\u00e1s, Brasil e Mundo\" \/>\n<meta property=\"og:description\" content=\"Um tr\u00e1gico acidente resultou na morte de quatro pessoas e deixou v\u00e1rias outras feridas enquanto seguiam para tratamento de hemodi\u00e1lise. A colis\u00e3o ocorreu\" \/>\n<meta property=\"og:url\" content=\"https:\/\/maisgoiano.com.br\/go\/tragedia-na-go-336-acidente-fatal-entre-van-da-saude-e-caminhao-de-cana-de-acucar\/\" \/>\n<meta property=\"og:site_name\" content=\"Mais Goiano - Not\u00edcias de Verdade! Goi\u00e1s, Brasil e Mundo\" \/>\n<meta property=\"article:publisher\" content=\"https:\/\/www.facebook.com\/maisgoiano\" \/>\n<meta property=\"article:published_time\" content=\"2024-05-09T16:40:35+00:00\" \/>\n<meta property=\"article:modified_time\" content=\"2024-05-09T16:41:30+00:00\" \/>\n<meta property=\"og:image\" content=\"https:\/\/maisgoiano.com.br\/go\/wp-content\/uploads\/jet-engine-forms\/19\/2024\/05\/Imagem-do-WhatsApp-de-2024-05-09-as-09.50.54_f8a647e9-qnwp33dhz7bqgtnk0uh429ix2f2wmvooqo5ppqtcp4.jpg\" \/>\n\t<meta property=\"og:image:width\" content=\"1024\" \/>\n\t<meta property=\"og:image:height\" content=\"500\" \/>\n\t<meta property=\"og:image:type\" content=\"image\/jpeg\" \/>\n<meta name=\"author\" content=\"Charles Borges\" \/>\n<meta name=\"twitter:label1\" content=\"Escrito por\" \/>\n\t<meta name=\"twitter:data1\" content=\"Charles Borges\" \/>\n\t<meta name=\"twitter:label2\" content=\"Est. tempo de leitura\" \/>\n\t<meta name=\"twitter:data2\" content=\"1 minuto\" \/>\n<script type=\"application\/ld+json\" class=\"yoast-schema-graph\">{\"@context\":\"https:\/\/schema.org\",\"@graph\":[{\"@type\":\"Article\",\"@id\":\"https:\/\/maisgoiano.com.br\/go\/tragedia-na-go-336-acidente-fatal-entre-van-da-saude-e-caminhao-de-cana-de-acucar\/#article\",\"isPartOf\":{\"@id\":\"https:\/\/maisgoiano.com.br\/go\/tragedia-na-go-336-acidente-fatal-entre-van-da-saude-e-caminhao-de-cana-de-acucar\/\"},\"author\":{\"name\":\"Charles Borges\",\"@id\":\"https:\/\/maisgoiano.com.br\/go\/#\/schema\/person\/c91a80572d97b5ccaa64018c9ae24f48\"},\"headline\":\"Trag\u00e9dia na GO-336: Acidente Fatal Entre Van e Caminh\u00e3o de Cana-de-A\u00e7\u00facar\",\"datePublished\":\"2024-05-09T16:40:35+00:00\",\"dateModified\":\"2024-05-09T16:41:30+00:00\",\"mainEntityOfPage\":{\"@id\":\"https:\/\/maisgoiano.com.br\/go\/tragedia-na-go-336-acidente-fatal-entre-van-da-saude-e-caminhao-de-cana-de-acucar\/\"},\"wordCount\":191,\"commentCount\":0,\"publisher\":{\"@id\":\"https:\/\/maisgoiano.com.br\/go\/#organization\"},\"image\":{\"@id\":\"https:\/\/maisgoiano.com.br\/go\/tragedia-na-go-336-acidente-fatal-entre-van-da-saude-e-caminhao-de-cana-de-acucar\/#primaryimage\"},\"thumbnailUrl\":\"https:\/\/maisgoiano.com.br\/go\/wp-content\/uploads\/jet-engine-forms\/19\/2024\/05\/Imagem-do-WhatsApp-de-2024-05-09-as-09.50.54_f8a647e9-qnwp33dhz7bqgtnk0uh429ix2f2wmvooqo5ppqtcp4.jpg\",\"articleSection\":[\"Goi\u00e1s\"],\"inLanguage\":\"pt-BR\",\"potentialAction\":[{\"@type\":\"CommentAction\",\"name\":\"Comment\",\"target\":[\"https:\/\/maisgoiano.com.br\/go\/tragedia-na-go-336-acidente-fatal-entre-van-da-saude-e-caminhao-de-cana-de-acucar\/#respond\"]}]},{\"@type\":\"WebPage\",\"@id\":\"https:\/\/maisgoiano.com.br\/go\/tragedia-na-go-336-acidente-fatal-entre-van-da-saude-e-caminhao-de-cana-de-acucar\/\",\"url\":\"https:\/\/maisgoiano.com.br\/go\/tragedia-na-go-336-acidente-fatal-entre-van-da-saude-e-caminhao-de-cana-de-acucar\/\",\"name\":\"Trag\u00e9dia na GO-336: Acidente Fatal Entre Van e Caminh\u00e3o de Cana-de-A\u00e7\u00facar - Mais Goiano - Not\u00edcias de Verdade! Goi\u00e1s, Brasil e Mundo\",\"isPartOf\":{\"@id\":\"https:\/\/maisgoiano.com.br\/go\/#website\"},\"primaryImageOfPage\":{\"@id\":\"https:\/\/maisgoiano.com.br\/go\/tragedia-na-go-336-acidente-fatal-entre-van-da-saude-e-caminhao-de-cana-de-acucar\/#primaryimage\"},\"image\":{\"@id\":\"https:\/\/maisgoiano.com.br\/go\/tragedia-na-go-336-acidente-fatal-entre-van-da-saude-e-caminhao-de-cana-de-acucar\/#primaryimage\"},\"thumbnailUrl\":\"https:\/\/maisgoiano.com.br\/go\/wp-content\/uploads\/jet-engine-forms\/19\/2024\/05\/Imagem-do-WhatsApp-de-2024-05-09-as-09.50.54_f8a647e9-qnwp33dhz7bqgtnk0uh429ix2f2wmvooqo5ppqtcp4.jpg\",\"datePublished\":\"2024-05-09T16:40:35+00:00\",\"dateModified\":\"2024-05-09T16:41:30+00:00\",\"description\":\"Um tr\u00e1gico acidente resultou na morte de quatro pessoas e deixou v\u00e1rias outras feridas enquanto seguiam para tratamento de hemodi\u00e1lise. A colis\u00e3o ocorreu\",\"breadcrumb\":{\"@id\":\"https:\/\/maisgoiano.com.br\/go\/tragedia-na-go-336-acidente-fatal-entre-van-da-saude-e-caminhao-de-cana-de-acucar\/#breadcrumb\"},\"inLanguage\":\"pt-BR\",\"potentialAction\":[{\"@type\":\"ReadAction\",\"target\":[\"https:\/\/maisgoiano.com.br\/go\/tragedia-na-go-336-acidente-fatal-entre-van-da-saude-e-caminhao-de-cana-de-acucar\/\"]}]},{\"@type\":\"ImageObject\",\"inLanguage\":\"pt-BR\",\"@id\":\"https:\/\/maisgoiano.com.br\/go\/tragedia-na-go-336-acidente-fatal-entre-van-da-saude-e-caminhao-de-cana-de-acucar\/#primaryimage\",\"url\":\"https:\/\/maisgoiano.com.br\/go\/wp-content\/uploads\/jet-engine-forms\/19\/2024\/05\/Imagem-do-WhatsApp-de-2024-05-09-as-09.50.54_f8a647e9-qnwp33dhz7bqgtnk0uh429ix2f2wmvooqo5ppqtcp4.jpg\",\"contentUrl\":\"https:\/\/maisgoiano.com.br\/go\/wp-content\/uploads\/jet-engine-forms\/19\/2024\/05\/Imagem-do-WhatsApp-de-2024-05-09-as-09.50.54_f8a647e9-qnwp33dhz7bqgtnk0uh429ix2f2wmvooqo5ppqtcp4.jpg\",\"width\":1024,\"height\":500},{\"@type\":\"BreadcrumbList\",\"@id\":\"https:\/\/maisgoiano.com.br\/go\/tragedia-na-go-336-acidente-fatal-entre-van-da-saude-e-caminhao-de-cana-de-acucar\/#breadcrumb\",\"itemListElement\":[{\"@type\":\"ListItem\",\"position\":1,\"name\":\"In\u00edcio\",\"item\":\"https:\/\/maisgoiano.com.br\/go\/\"},{\"@type\":\"ListItem\",\"position\":2,\"name\":\"Goi\u00e1s\",\"item\":\"https:\/\/maisgoiano.com.br\/go\/categoria\/goias\/\"},{\"@type\":\"ListItem\",\"position\":3,\"name\":\"Trag\u00e9dia na GO-336: Acidente Fatal Entre Van e Caminh\u00e3o de Cana-de-A\u00e7\u00facar\"}]},{\"@type\":\"WebSite\",\"@id\":\"https:\/\/maisgoiano.com.br\/go\/#website\",\"url\":\"https:\/\/maisgoiano.com.br\/go\/\",\"name\":\"Mais Goiano | Not\u00edcias de Verdade! Goi\u00e1s, Brasil e Mundo\",\"description\":\"Not\u00edcias de Verdade! Goi\u00e1s, Brasil e Mundo\",\"publisher\":{\"@id\":\"https:\/\/maisgoiano.com.br\/go\/#organization\"},\"alternateName\":\"Mais Goiano | Not\u00edcias de Verdade! Goi\u00e1s, Brasil e Mundo\",\"potentialAction\":[{\"@type\":\"SearchAction\",\"target\":{\"@type\":\"EntryPoint\",\"urlTemplate\":\"https:\/\/maisgoiano.com.br\/go\/?s={search_term_string}\"},\"query-input\":{\"@type\":\"PropertyValueSpecification\",\"valueRequired\":true,\"valueName\":\"search_term_string\"}}],\"inLanguage\":\"pt-BR\"},{\"@type\":\"Organization\",\"@id\":\"https:\/\/maisgoiano.com.br\/go\/#organization\",\"name\":\"Mais Goiano | Not\u00edcias de Verdade! Goi\u00e1s, Brasil e Mundo\",\"alternateName\":\"Mais Goiano | Not\u00edcias de Verdade! Goi\u00e1s, Brasil e Mundo\",\"url\":\"https:\/\/maisgoiano.com.br\/go\/\",\"logo\":{\"@type\":\"ImageObject\",\"inLanguage\":\"pt-BR\",\"@id\":\"https:\/\/maisgoiano.com.br\/go\/#\/schema\/logo\/image\/\",\"url\":\"https:\/\/maisgoiano.com.br\/go\/wp-content\/uploads\/2025\/05\/Mais-Goiano.jpg\",\"contentUrl\":\"https:\/\/maisgoiano.com.br\/go\/wp-content\/uploads\/2025\/05\/Mais-Goiano.jpg\",\"width\":1024,\"height\":454,\"caption\":\"Mais Goiano | Not\u00edcias de Verdade! Goi\u00e1s, Brasil e Mundo\"},\"image\":{\"@id\":\"https:\/\/maisgoiano.com.br\/go\/#\/schema\/logo\/image\/\"},\"sameAs\":[\"https:\/\/www.facebook.com\/maisgoiano\",\"https:\/\/www.instagram.com\/maisgoiano\/\"],\"description\":\"O Mais Goiano \u00e9 um portal de not\u00edcias digital independente. Sua estreia ocorreu em janeiro de 2024, com o objetivo de oferecer um ambiente confi\u00e1vel em meio \u00e0 dissemina\u00e7\u00e3o de informa\u00e7\u00f5es falsas.\",\"foundingDate\":\"2024-01-02\",\"numberOfEmployees\":{\"@type\":\"QuantitativeValue\",\"minValue\":\"1\",\"maxValue\":\"10\"},\"publishingPrinciples\":\"https:\/\/maisgoiano.com.br\/go\/politica-de-privacidade-2\/\"},{\"@type\":\"Person\",\"@id\":\"https:\/\/maisgoiano.com.br\/go\/#\/schema\/person\/c91a80572d97b5ccaa64018c9ae24f48\",\"name\":\"Charles Borges\",\"image\":{\"@type\":\"ImageObject\",\"inLanguage\":\"pt-BR\",\"@id\":\"https:\/\/maisgoiano.com.br\/go\/#\/schema\/person\/image\/\",\"url\":\"https:\/\/secure.gravatar.com\/avatar\/760b276f49724d0a120d5afabb50da59ac80c9c15861a69ccaa8f8f803e1b9e9?s=96&d=mm&r=g\",\"contentUrl\":\"https:\/\/secure.gravatar.com\/avatar\/760b276f49724d0a120d5afabb50da59ac80c9c15861a69ccaa8f8f803e1b9e9?s=96&d=mm&r=g\",\"caption\":\"Charles Borges\"},\"url\":\"https:\/\/maisgoiano.com.br\/go\/author\/charles_borges\/\"}]}<\/script>\n<!-- \/ Yoast SEO Premium plugin. -->","yoast_head_json":{"title":"Trag\u00e9dia na GO-336: Acidente Fatal Entre Van e Caminh\u00e3o de Cana-de-A\u00e7\u00facar - Mais Goiano - Not\u00edcias de Verdade! Goi\u00e1s, Brasil e Mundo","description":"Um tr\u00e1gico acidente resultou na morte de quatro pessoas e deixou v\u00e1rias outras feridas enquanto seguiam para tratamento de hemodi\u00e1lise. A colis\u00e3o ocorreu","robots":{"index":"index","follow":"follow","max-snippet":"max-snippet:-1","max-image-preview":"max-image-preview:large","max-video-preview":"max-video-preview:-1"},"canonical":"https:\/\/maisgoiano.com.br\/go\/tragedia-na-go-336-acidente-fatal-entre-van-da-saude-e-caminhao-de-cana-de-acucar\/","og_locale":"pt_BR","og_type":"article","og_title":"Trag\u00e9dia na GO-336: Acidente Fatal Entre Van e Caminh\u00e3o de Cana-de-A\u00e7\u00facar - Mais Goiano - Not\u00edcias de Verdade! Goi\u00e1s, Brasil e Mundo","og_description":"Um tr\u00e1gico acidente resultou na morte de quatro pessoas e deixou v\u00e1rias outras feridas enquanto seguiam para tratamento de hemodi\u00e1lise. A colis\u00e3o ocorreu","og_url":"https:\/\/maisgoiano.com.br\/go\/tragedia-na-go-336-acidente-fatal-entre-van-da-saude-e-caminhao-de-cana-de-acucar\/","og_site_name":"Mais Goiano - Not\u00edcias de Verdade! Goi\u00e1s, Brasil e Mundo","article_publisher":"https:\/\/www.facebook.com\/maisgoiano","article_published_time":"2024-05-09T16:40:35+00:00","article_modified_time":"2024-05-09T16:41:30+00:00","og_image":[{"width":1024,"height":500,"url":"https:\/\/maisgoiano.com.br\/go\/wp-content\/uploads\/jet-engine-forms\/19\/2024\/05\/Imagem-do-WhatsApp-de-2024-05-09-as-09.50.54_f8a647e9-qnwp33dhz7bqgtnk0uh429ix2f2wmvooqo5ppqtcp4.jpg","type":"image\/jpeg"}],"author":"Charles Borges","twitter_misc":{"Escrito por":"Charles Borges","Est. tempo de leitura":"1 minuto"},"schema":{"@context":"https:\/\/schema.org","@graph":[{"@type":"Article","@id":"https:\/\/maisgoiano.com.br\/go\/tragedia-na-go-336-acidente-fatal-entre-van-da-saude-e-caminhao-de-cana-de-acucar\/#article","isPartOf":{"@id":"https:\/\/maisgoiano.com.br\/go\/tragedia-na-go-336-acidente-fatal-entre-van-da-saude-e-caminhao-de-cana-de-acucar\/"},"author":{"name":"Charles Borges","@id":"https:\/\/maisgoiano.com.br\/go\/#\/schema\/person\/c91a80572d97b5ccaa64018c9ae24f48"},"headline":"Trag\u00e9dia na GO-336: Acidente Fatal Entre Van e Caminh\u00e3o de Cana-de-A\u00e7\u00facar","datePublished":"2024-05-09T16:40:35+00:00","dateModified":"2024-05-09T16:41:30+00:00","mainEntityOfPage":{"@id":"https:\/\/maisgoiano.com.br\/go\/tragedia-na-go-336-acidente-fatal-entre-van-da-saude-e-caminhao-de-cana-de-acucar\/"},"wordCount":191,"commentCount":0,"publisher":{"@id":"https:\/\/maisgoiano.com.br\/go\/#organization"},"image":{"@id":"https:\/\/maisgoiano.com.br\/go\/tragedia-na-go-336-acidente-fatal-entre-van-da-saude-e-caminhao-de-cana-de-acucar\/#primaryimage"},"thumbnailUrl":"https:\/\/maisgoiano.com.br\/go\/wp-content\/uploads\/jet-engine-forms\/19\/2024\/05\/Imagem-do-WhatsApp-de-2024-05-09-as-09.50.54_f8a647e9-qnwp33dhz7bqgtnk0uh429ix2f2wmvooqo5ppqtcp4.jpg","articleSection":["Goi\u00e1s"],"inLanguage":"pt-BR","potentialAction":[{"@type":"CommentAction","name":"Comment","target":["https:\/\/maisgoiano.com.br\/go\/tragedia-na-go-336-acidente-fatal-entre-van-da-saude-e-caminhao-de-cana-de-acucar\/#respond"]}]},{"@type":"WebPage","@id":"https:\/\/maisgoiano.com.br\/go\/tragedia-na-go-336-acidente-fatal-entre-van-da-saude-e-caminhao-de-cana-de-acucar\/","url":"https:\/\/maisgoiano.com.br\/go\/tragedia-na-go-336-acidente-fatal-entre-van-da-saude-e-caminhao-de-cana-de-acucar\/","name":"Trag\u00e9dia na GO-336: Acidente Fatal Entre Van e Caminh\u00e3o de Cana-de-A\u00e7\u00facar - Mais Goiano - Not\u00edcias de Verdade! Goi\u00e1s, Brasil e Mundo","isPartOf":{"@id":"https:\/\/maisgoiano.com.br\/go\/#website"},"primaryImageOfPage":{"@id":"https:\/\/maisgoiano.com.br\/go\/tragedia-na-go-336-acidente-fatal-entre-van-da-saude-e-caminhao-de-cana-de-acucar\/#primaryimage"},"image":{"@id":"https:\/\/maisgoiano.com.br\/go\/tragedia-na-go-336-acidente-fatal-entre-van-da-saude-e-caminhao-de-cana-de-acucar\/#primaryimage"},"thumbnailUrl":"https:\/\/maisgoiano.com.br\/go\/wp-content\/uploads\/jet-engine-forms\/19\/2024\/05\/Imagem-do-WhatsApp-de-2024-05-09-as-09.50.54_f8a647e9-qnwp33dhz7bqgtnk0uh429ix2f2wmvooqo5ppqtcp4.jpg","datePublished":"2024-05-09T16:40:35+00:00","dateModified":"2024-05-09T16:41:30+00:00","description":"Um tr\u00e1gico acidente resultou na morte de quatro pessoas e deixou v\u00e1rias outras feridas enquanto seguiam para tratamento de hemodi\u00e1lise. A colis\u00e3o ocorreu","breadcrumb":{"@id":"https:\/\/maisgoiano.com.br\/go\/tragedia-na-go-336-acidente-fatal-entre-van-da-saude-e-caminhao-de-cana-de-acucar\/#breadcrumb"},"inLanguage":"pt-BR","potentialAction":[{"@type":"ReadAction","target":["https:\/\/maisgoiano.com.br\/go\/tragedia-na-go-336-acidente-fatal-entre-van-da-saude-e-caminhao-de-cana-de-acucar\/"]}]},{"@type":"ImageObject","inLanguage":"pt-BR","@id":"https:\/\/maisgoiano.com.br\/go\/tragedia-na-go-336-acidente-fatal-entre-van-da-saude-e-caminhao-de-cana-de-acucar\/#primaryimage","url":"https:\/\/maisgoiano.com.br\/go\/wp-content\/uploads\/jet-engine-forms\/19\/2024\/05\/Imagem-do-WhatsApp-de-2024-05-09-as-09.50.54_f8a647e9-qnwp33dhz7bqgtnk0uh429ix2f2wmvooqo5ppqtcp4.jpg","contentUrl":"https:\/\/maisgoiano.com.br\/go\/wp-content\/uploads\/jet-engine-forms\/19\/2024\/05\/Imagem-do-WhatsApp-de-2024-05-09-as-09.50.54_f8a647e9-qnwp33dhz7bqgtnk0uh429ix2f2wmvooqo5ppqtcp4.jpg","width":1024,"height":500},{"@type":"BreadcrumbList","@id":"https:\/\/maisgoiano.com.br\/go\/tragedia-na-go-336-acidente-fatal-entre-van-da-saude-e-caminhao-de-cana-de-acucar\/#breadcrumb","itemListElement":[{"@type":"ListItem","position":1,"name":"In\u00edcio","item":"https:\/\/maisgoiano.com.br\/go\/"},{"@type":"ListItem","position":2,"name":"Goi\u00e1s","item":"https:\/\/maisgoiano.com.br\/go\/categoria\/goias\/"},{"@type":"ListItem","position":3,"name":"Trag\u00e9dia na GO-336: Acidente Fatal Entre Van e Caminh\u00e3o de Cana-de-A\u00e7\u00facar"}]},{"@type":"WebSite","@id":"https:\/\/maisgoiano.com.br\/go\/#website","url":"https:\/\/maisgoiano.com.br\/go\/","name":"Mais Goiano | Not\u00edcias de Verdade! Goi\u00e1s, Brasil e Mundo","description":"Not\u00edcias de Verdade! Goi\u00e1s, Brasil e Mundo","publisher":{"@id":"https:\/\/maisgoiano.com.br\/go\/#organization"},"alternateName":"Mais Goiano | Not\u00edcias de Verdade! Goi\u00e1s, Brasil e Mundo","potentialAction":[{"@type":"SearchAction","target":{"@type":"EntryPoint","urlTemplate":"https:\/\/maisgoiano.com.br\/go\/?s={search_term_string}"},"query-input":{"@type":"PropertyValueSpecification","valueRequired":true,"valueName":"search_term_string"}}],"inLanguage":"pt-BR"},{"@type":"Organization","@id":"https:\/\/maisgoiano.com.br\/go\/#organization","name":"Mais Goiano | Not\u00edcias de Verdade! Goi\u00e1s, Brasil e Mundo","alternateName":"Mais Goiano | Not\u00edcias de Verdade! Goi\u00e1s, Brasil e Mundo","url":"https:\/\/maisgoiano.com.br\/go\/","logo":{"@type":"ImageObject","inLanguage":"pt-BR","@id":"https:\/\/maisgoiano.com.br\/go\/#\/schema\/logo\/image\/","url":"https:\/\/maisgoiano.com.br\/go\/wp-content\/uploads\/2025\/05\/Mais-Goiano.jpg","contentUrl":"https:\/\/maisgoiano.com.br\/go\/wp-content\/uploads\/2025\/05\/Mais-Goiano.jpg","width":1024,"height":454,"caption":"Mais Goiano | Not\u00edcias de Verdade! Goi\u00e1s, Brasil e Mundo"},"image":{"@id":"https:\/\/maisgoiano.com.br\/go\/#\/schema\/logo\/image\/"},"sameAs":["https:\/\/www.facebook.com\/maisgoiano","https:\/\/www.instagram.com\/maisgoiano\/"],"description":"O Mais Goiano \u00e9 um portal de not\u00edcias digital independente. Sua estreia ocorreu em janeiro de 2024, com o objetivo de oferecer um ambiente confi\u00e1vel em meio \u00e0 dissemina\u00e7\u00e3o de informa\u00e7\u00f5es falsas.","foundingDate":"2024-01-02","numberOfEmployees":{"@type":"QuantitativeValue","minValue":"1","maxValue":"10"},"publishingPrinciples":"https:\/\/maisgoiano.com.br\/go\/politica-de-privacidade-2\/"},{"@type":"Person","@id":"https:\/\/maisgoiano.com.br\/go\/#\/schema\/person\/c91a80572d97b5ccaa64018c9ae24f48","name":"Charles Borges","image":{"@type":"ImageObject","inLanguage":"pt-BR","@id":"https:\/\/maisgoiano.com.br\/go\/#\/schema\/person\/image\/","url":"https:\/\/secure.gravatar.com\/avatar\/760b276f49724d0a120d5afabb50da59ac80c9c15861a69ccaa8f8f803e1b9e9?s=96&d=mm&r=g","contentUrl":"https:\/\/secure.gravatar.com\/avatar\/760b276f49724d0a120d5afabb50da59ac80c9c15861a69ccaa8f8f803e1b9e9?s=96&d=mm&r=g","caption":"Charles Borges"},"url":"https:\/\/maisgoiano.com.br\/go\/author\/charles_borges\/"}]}},"_links":{"self":[{"href":"https:\/\/maisgoiano.com.br\/go\/wp-json\/wp\/v2\/posts\/18127","targetHints":{"allow":["GET"]}}],"collection":[{"href":"https:\/\/maisgoiano.com.br\/go\/wp-json\/wp\/v2\/posts"}],"about":[{"href":"https:\/\/maisgoiano.com.br\/go\/wp-json\/wp\/v2\/types\/post"}],"author":[{"embeddable":true,"href":"https:\/\/maisgoiano.com.br\/go\/wp-json\/wp\/v2\/users\/19"}],"replies":[{"embeddable":true,"href":"https:\/\/maisgoiano.com.br\/go\/wp-json\/wp\/v2\/comments?post=18127"}],"version-history":[{"count":0,"href":"https:\/\/maisgoiano.com.br\/go\/wp-json\/wp\/v2\/posts\/18127\/revisions"}],"wp:featuredmedia":[{"embeddable":true,"href":"https:\/\/maisgoiano.com.br\/go\/wp-json\/wp\/v2\/media\/18126"}],"wp:attachment":[{"href":"https:\/\/maisgoiano.com.br\/go\/wp-json\/wp\/v2\/media?parent=18127"}],"wp:term":[{"taxonomy":"category","embeddable":true,"href":"https:\/\/maisgoiano.com.br\/go\/wp-json\/wp\/v2\/categories?post=18127"},{"taxonomy":"post_tag","embeddable":true,"href":"https:\/\/maisgoiano.com.br\/go\/wp-json\/wp\/v2\/tags?post=18127"}],"curies":[{"name":"wp","href":"https:\/\/api.w.org\/{rel}","templated":true}]}}